{"id":6998,"date":"2021-02-17T01:52:19","date_gmt":"2021-02-17T01:52:19","guid":{"rendered":"https:\/\/esc-sec.ca\/?p=6998"},"modified":"2021-02-17T01:52:19","modified_gmt":"2021-02-17T01:52:19","slug":"semaine-des-noirs-en-entomologie-22-26-fevrier-2021","status":"publish","type":"post","link":"https:\/\/esc-sec.ca\/fr\/2021\/02\/17\/semaine-des-noirs-en-entomologie-22-26-fevrier-2021\/","title":{"rendered":"Semaine des Noirs en entomologie : 22-26 f\u00e9vrier 2021"},"content":{"rendered":"<p><img loading=\"lazy\" decoding=\"async\" width=\"624\" height=\"262\" class=\"size-medium wp-image-6995 aligncenter\" src=\"https:\/\/esc-sec.ca\/wp-content\/uploads\/2021\/02\/Black-in-Ento.jpg\" srcset=\"https:\/\/esc-sec.ca\/wp-content\/uploads\/2021\/02\/Black-in-Ento.jpg 624w, https:\/\/esc-sec.ca\/wp-content\/uploads\/2021\/02\/Black-in-Ento-300x126.jpg 300w\" sizes=\"auto, (max-width: 624px) 100vw, 624px\" \/><\/p>\n<p>\u00c0 vos agendas\u00a0: la <a href=\"https:\/\/blackinento.com\/index.html\">Semaine des Noirs en entomologie<\/a> (#BlackInEnto) aura lieu du 22 au 26 f\u00e9vrier prochain. Cet \u00e9v\u00e9nement virtuel en anglais organis\u00e9 par Maydianne Andrade, Swanne Gordon, Vik Iyengar, Shakara Maggitt, Michelle Samuel-Foo, Jessica Ware et Natasha Young est d\u00e9di\u00e9 \u00e0 c\u00e9l\u00e9brer et soutenir les entomologistes noirs.<\/p>\n<p>Les objectifs de la semaine #BlackInEnto sont notamment d\u2019entretenir un esprit de communaut\u00e9 entre entomologistes noirs, incluant la population \u00e9tudiante et amatrice, de donner la chance aux entomologistes noirs d\u2019inspirer en partageant leur passion pour les insectes (et autres arthropodes terrestres) et de cr\u00e9er des <a href=\"https:\/\/www.gofundme.com\/f\/black-in-entomology-week-scholarships-and-prizes?utm_source=widget&amp;utm_medium=referral&amp;utm_campaign=p_cp+share-sheet\">opportunit\u00e9s de financement<\/a> pour les Noirs \u00e9tudiant en entomologie.<\/p>\n<p>En plus de contenus quotidiens sur le compte Twitter <a href=\"https:\/\/twitter.com\/blackinento\">@BlackInEnto<\/a>, un programme exceptionnel de tables-rondes et autres \u00e9v\u00e9nements sociaux sur Zoom vous attend. En voici un aper\u00e7u\u00a0:<\/p>\n<p>&nbsp;<\/p>\n<p>Mardi 23 f\u00e9vrier<\/p>\n<p>Assistez \u00e0 une table-ronde intitul\u00e9e <strong>Noirs en entomologie<\/strong>. Les membres du comit\u00e9 d\u2019organisation \u00a0Maydianne Andrade, Michelle Samuel-Foo et Jessica Ware discuteront des d\u00e9fis et accomplissements d\u2019entomologistes noirs ainsi que des fa\u00e7ons dont tous et toutes peuvent s\u2019impliquer dans des efforts visant \u00e0 diversifier l\u2019entomologie et \u00e0 supporter les Noirs entomologistes. \u00a0\u00c0 regarder <a href=\"https:\/\/www.calacademy.org\/academy-breakfast-club-livestreamed\">ici<\/a> sur le site de l\u2019institution h\u00f4te\u00a0: la <em>California Academy of Sciences<\/em>.<\/p>\n<p>Ensuite, des discussions en direct sur <strong>Les carri\u00e8res entomologiques<\/strong> et <strong>Comment d\u00e9marrer en recherche au niveau du baccalaur\u00e9at<\/strong> pour finir avec une activit\u00e9 sociale destin\u00e9e aux \u00e9tudiants et \u00e9tudiantes au parcours non-traditionnel. Pour voir le programme complet, c\u2019est <a href=\"https:\/\/www.maydianne.com\/blackinento\">ici<\/a>.<\/p>\n<p>&nbsp;<\/p>\n<p>Mercredi 24 f\u00e9vrier<\/p>\n<p>Assistez \u00e0 une table-ronde sur <strong>La<\/strong> <strong>contribution des Noirs entomologistes aux sciences des insectes <\/strong>en vous inscrivant \u00e0 la r\u00e9union h\u00e9berg\u00e9e par la <em>Texas A&amp;M University<\/em> <a href=\"https:\/\/tamu.zoom.us\/meeting\/register\/tJAqcOmhqD0jGNSPGTzgS1Ix46zZA1THFGnD\">ici<\/a>.<\/p>\n<p>&nbsp;<\/p>\n<p>Jeudi 25 f\u00e9vrier<\/p>\n<p>Assistez \u00e0 une table-ronde sur <strong>Le colonialisme en entomologie<\/strong> et \u00e0 une <strong>Soir\u00e9e quiz entomologique<\/strong>. Pour voir le programme complet, c\u2019est <a href=\"https:\/\/www.maydianne.com\/blackinento\">ici<\/a>.<\/p>\n<p>&nbsp;<\/p>\n<p>Retrouvez programmes, liens pour participer, <a href=\"https:\/\/blackinento.com\/speaker.html\">portraits<\/a> d\u2019entomologistes noirs et plus encore sur <a href=\"https:\/\/blackinento.com\/index.html\">le site web de <em>Black in Ento<\/em><\/a>.<\/p>\n","protected":false},"excerpt":{"rendered":"<p>\u00c0 vos agendas\u00a0: la Semaine des Noirs en entomologie (#BlackInEnto) aura lieu du 22 au 26 f\u00e9vrier prochain. Cet \u00e9v\u00e9nement virtuel en anglais organis\u00e9 par Maydianne Andrade, Swanne Gordon, Vik Iyengar, Shakara Maggitt, Michelle Samuel-Foo, Jessica Ware et Natasha Young est d\u00e9di\u00e9 \u00e0 c\u00e9l\u00e9brer et soutenir les entomologistes noirs. Les objectifs de la semaine #BlackInEnto [&hellip;]<\/p>\n","protected":false},"author":17,"featured_media":0,"comment_status":"closed","ping_status":"closed","sticky":false,"template":"","format":"standard","meta":{"_jetpack_memberships_contains_paid_content":false,"footnotes":""},"categories":[477,570,473,493,513],"tags":[],"class_list":["post-6998","post","type-post","status-publish","format-standard","hentry","category-canadian-entomology-fr","category-entomology-in-the-news-fr","category-blog-fr","category-outreacheducation-fr","category-research-fr"],"jetpack_featured_media_url":"","views":"","jetpack_sharing_enabled":true,"_links":{"self":[{"href":"https:\/\/esc-sec.ca\/fr\/wp-json\/wp\/v2\/posts\/6998","targetHints":{"allow":["GET"]}}],"collection":[{"href":"https:\/\/esc-sec.ca\/fr\/wp-json\/wp\/v2\/posts"}],"about":[{"href":"https:\/\/esc-sec.ca\/fr\/wp-json\/wp\/v2\/types\/post"}],"author":[{"embeddable":true,"href":"https:\/\/esc-sec.ca\/fr\/wp-json\/wp\/v2\/users\/17"}],"replies":[{"embeddable":true,"href":"https:\/\/esc-sec.ca\/fr\/wp-json\/wp\/v2\/comments?post=6998"}],"version-history":[{"count":2,"href":"https:\/\/esc-sec.ca\/fr\/wp-json\/wp\/v2\/posts\/6998\/revisions"}],"predecessor-version":[{"id":7000,"href":"https:\/\/esc-sec.ca\/fr\/wp-json\/wp\/v2\/posts\/6998\/revisions\/7000"}],"wp:attachment":[{"href":"https:\/\/esc-sec.ca\/fr\/wp-json\/wp\/v2\/media?parent=6998"}],"wp:term":[{"taxonomy":"category","embeddable":true,"href":"https:\/\/esc-sec.ca\/fr\/wp-json\/wp\/v2\/categories?post=6998"},{"taxonomy":"post_tag","embeddable":true,"href":"https:\/\/esc-sec.ca\/fr\/wp-json\/wp\/v2\/tags?post=6998"}],"curies":[{"name":"wp","href":"https:\/\/api.w.org\/{rel}","templated":true}]}}